{"id":724,"date":"2014-06-11T12:05:48","date_gmt":"2014-06-11T11:05:48","guid":{"rendered":"http:\/\/www.bernardia.at\/?p=724"},"modified":"2014-06-12T09:49:53","modified_gmt":"2014-06-12T08:49:53","slug":"rueckblick-auf-den-pennaelertag-2014-in-villach","status":"publish","type":"post","link":"https:\/\/www.bernardia.at\/?p=724","title":{"rendered":"R\u00fcckblick auf den Penn\u00e4lertag 2014 in Villach"},"content":{"rendered":"<p>Der <a title=\"Penn\u00e4lertags-Homepage\" href=\"http:\/\/www.pt2014.at\/\" target=\"_blank\">Penn\u00e4lertag 2014<\/a> ist Geschichte und liegt ein tolles Wochenende hinter uns. Auf den Fotos ist deutlich zu sehen, dass die teilnehmenden Bernarden das Wochenende sichtlich genossen haben. Wir blicken zur\u00fcck auf eine tolle Chargierleistung bei Messe, Umzug und Kommers und auf ein paar gem\u00fctliche Tage in Villach.<\/p>\n<p>Fotos: Daniela Juen<\/p>\n<div id='gallery-1' class='gallery galleryid-724 gallery-columns-4 gallery-size-thumbnail'><figure class='gallery-item'>\n\t\t\t<div class='gallery-icon landscape'>\n\t\t\t\t<a href='https:\/\/www.bernardia.at\/?attachment_id=733'><img loading=\"lazy\" decoding=\"async\" width=\"150\" height=\"84\" src=\"https:\/\/www.bernardia.at\/wp-content\/uploads\/2014\/06\/PT_2014_01-150x84.jpg\" class=\"attachment-thumbnail size-thumbnail\" alt=\"\" aria-describedby=\"gallery-1-733\" srcset=\"https:\/\/www.bernardia.at\/wp-content\/uploads\/2014\/06\/PT_2014_01-150x84.jpg 150w, https:\/\/www.bernardia.at\/wp-content\/uploads\/2014\/06\/PT_2014_01-300x168.jpg 300w, https:\/\/www.bernardia.at\/wp-content\/uploads\/2014\/06\/PT_2014_01-1024x576.jpg 1024w\" sizes=\"(max-width: 150px) 100vw, 150px\" \/><\/a>\n\t\t\t<\/div>\n\t\t\t\t<figcaption class='wp-caption-text gallery-caption' id='gallery-1-733'>\n\t\t\t\tEin erstes Gruppenfoto Freitag-Abend vor der TMV-Unterkunft &#8222;Jugendhotel Egger&#8220;.\n\t\t\t\t<\/figcaption><\/figure><figure class='gallery-item'>\n\t\t\t<div class='gallery-icon landscape'>\n\t\t\t\t<a href='https:\/\/www.bernardia.at\/?attachment_id=736'><img loading=\"lazy\" decoding=\"async\" width=\"150\" height=\"100\" src=\"https:\/\/www.bernardia.at\/wp-content\/uploads\/2014\/06\/PT_2014_02-150x100.jpg\" class=\"attachment-thumbnail size-thumbnail\" alt=\"\" aria-describedby=\"gallery-1-736\" srcset=\"https:\/\/www.bernardia.at\/wp-content\/uploads\/2014\/06\/PT_2014_02-150x100.jpg 150w, https:\/\/www.bernardia.at\/wp-content\/uploads\/2014\/06\/PT_2014_02-300x200.jpg 300w, https:\/\/www.bernardia.at\/wp-content\/uploads\/2014\/06\/PT_2014_02-1024x682.jpg 1024w\" sizes=\"(max-width: 150px) 100vw, 150px\" \/><\/a>\n\t\t\t<\/div>\n\t\t\t\t<figcaption class='wp-caption-text gallery-caption' id='gallery-1-736'>\n\t\t\t\tEin beliebtes Motiv am Penn\u00e4lertags-Wochenende &#8211; von einer Br\u00fccke \u00fcber die Drau auf das Congress-Center Villach, in welchem die Convente stattfanden.\n\t\t\t\t<\/figcaption><\/figure><figure class='gallery-item'>\n\t\t\t<div class='gallery-icon landscape'>\n\t\t\t\t<a href='https:\/\/www.bernardia.at\/?attachment_id=735'><img loading=\"lazy\" decoding=\"async\" width=\"150\" height=\"84\" src=\"https:\/\/www.bernardia.at\/wp-content\/uploads\/2014\/06\/PT_2014_04-150x84.jpg\" class=\"attachment-thumbnail size-thumbnail\" alt=\"\" aria-describedby=\"gallery-1-735\" srcset=\"https:\/\/www.bernardia.at\/wp-content\/uploads\/2014\/06\/PT_2014_04-150x84.jpg 150w, https:\/\/www.bernardia.at\/wp-content\/uploads\/2014\/06\/PT_2014_04-300x168.jpg 300w, https:\/\/www.bernardia.at\/wp-content\/uploads\/2014\/06\/PT_2014_04-1024x576.jpg 1024w, https:\/\/www.bernardia.at\/wp-content\/uploads\/2014\/06\/PT_2014_04.jpg 1280w\" sizes=\"(max-width: 150px) 100vw, 150px\" \/><\/a>\n\t\t\t<\/div>\n\t\t\t\t<figcaption class='wp-caption-text gallery-caption' id='gallery-1-735'>\n\t\t\t\tBernarden und Rofensteiner bei der Landesverbandskneipe des Burgenl\u00e4nder, Nieder\u00f6sterreichischen und Vorarlberger Landesverbandes.\n\t\t\t\t<\/figcaption><\/figure><figure class='gallery-item'>\n\t\t\t<div class='gallery-icon landscape'>\n\t\t\t\t<a href='https:\/\/www.bernardia.at\/?attachment_id=734'><img loading=\"lazy\" decoding=\"async\" width=\"150\" height=\"84\" src=\"https:\/\/www.bernardia.at\/wp-content\/uploads\/2014\/06\/PT_2014_03-150x84.jpg\" class=\"attachment-thumbnail size-thumbnail\" alt=\"\" aria-describedby=\"gallery-1-734\" srcset=\"https:\/\/www.bernardia.at\/wp-content\/uploads\/2014\/06\/PT_2014_03-150x84.jpg 150w, https:\/\/www.bernardia.at\/wp-content\/uploads\/2014\/06\/PT_2014_03-300x168.jpg 300w, https:\/\/www.bernardia.at\/wp-content\/uploads\/2014\/06\/PT_2014_03-1024x576.jpg 1024w, https:\/\/www.bernardia.at\/wp-content\/uploads\/2014\/06\/PT_2014_03.jpg 1280w\" sizes=\"(max-width: 150px) 100vw, 150px\" \/><\/a>\n\t\t\t<\/div>\n\t\t\t\t<figcaption class='wp-caption-text gallery-caption' id='gallery-1-734'>\n\t\t\t\tPhil-x Mag. Ren\u00e9 Siegele v\/o Moebius und Peter Stroppa v\/o Pumba haben Bernardia unter anderem auf der 5-st\u00fcndigen Kartellversammlung vertreten.\n\t\t\t\t<\/figcaption><\/figure><figure class='gallery-item'>\n\t\t\t<div class='gallery-icon landscape'>\n\t\t\t\t<a href='https:\/\/www.bernardia.at\/?attachment_id=725'><img loading=\"lazy\" decoding=\"async\" width=\"150\" height=\"100\" src=\"https:\/\/www.bernardia.at\/wp-content\/uploads\/2014\/06\/PT_2014_05-150x100.jpg\" class=\"attachment-thumbnail size-thumbnail\" alt=\"\" aria-describedby=\"gallery-1-725\" srcset=\"https:\/\/www.bernardia.at\/wp-content\/uploads\/2014\/06\/PT_2014_05-150x100.jpg 150w, https:\/\/www.bernardia.at\/wp-content\/uploads\/2014\/06\/PT_2014_05-300x200.jpg 300w, https:\/\/www.bernardia.at\/wp-content\/uploads\/2014\/06\/PT_2014_05-1024x682.jpg 1024w\" sizes=\"(max-width: 150px) 100vw, 150px\" \/><\/a>\n\t\t\t<\/div>\n\t\t\t\t<figcaption class='wp-caption-text gallery-caption' id='gallery-1-725'>\n\t\t\t\tAm Sonntag Vormittag haben einige Bernarden an der informativen und durchaus interessanten Stadtf\u00fchrung durch Villach teilgenommen.\n\t\t\t\t<\/figcaption><\/figure><figure class='gallery-item'>\n\t\t\t<div class='gallery-icon landscape'>\n\t\t\t\t<a href='https:\/\/www.bernardia.at\/?attachment_id=726'><img loading=\"lazy\" decoding=\"async\" width=\"150\" height=\"112\" src=\"https:\/\/www.bernardia.at\/wp-content\/uploads\/2014\/06\/PT_2014_06-150x112.jpg\" class=\"attachment-thumbnail size-thumbnail\" alt=\"\" aria-describedby=\"gallery-1-726\" srcset=\"https:\/\/www.bernardia.at\/wp-content\/uploads\/2014\/06\/PT_2014_06-150x112.jpg 150w, https:\/\/www.bernardia.at\/wp-content\/uploads\/2014\/06\/PT_2014_06-300x225.jpg 300w, https:\/\/www.bernardia.at\/wp-content\/uploads\/2014\/06\/PT_2014_06-1024x768.jpg 1024w\" sizes=\"(max-width: 150px) 100vw, 150px\" \/><\/a>\n\t\t\t<\/div>\n\t\t\t\t<figcaption class='wp-caption-text gallery-caption' id='gallery-1-726'>\n\t\t\t\tUnsere Chargierten Georg Komarevcev v\/o Dimitri, Adrian Norz v\/o Asterix und Maximilian Freysinger v\/o Mercur vor dem Einzug in die Kirche.\n\t\t\t\t<\/figcaption><\/figure><figure class='gallery-item'>\n\t\t\t<div class='gallery-icon portrait'>\n\t\t\t\t<a href='https:\/\/www.bernardia.at\/?attachment_id=727'><img loading=\"lazy\" decoding=\"async\" width=\"112\" height=\"150\" src=\"https:\/\/www.bernardia.at\/wp-content\/uploads\/2014\/06\/PT_2014_07-112x150.jpg\" class=\"attachment-thumbnail size-thumbnail\" alt=\"\" aria-describedby=\"gallery-1-727\" srcset=\"https:\/\/www.bernardia.at\/wp-content\/uploads\/2014\/06\/PT_2014_07-112x150.jpg 112w, https:\/\/www.bernardia.at\/wp-content\/uploads\/2014\/06\/PT_2014_07-225x300.jpg 225w, https:\/\/www.bernardia.at\/wp-content\/uploads\/2014\/06\/PT_2014_07-768x1024.jpg 768w\" sizes=\"(max-width: 112px) 100vw, 112px\" \/><\/a>\n\t\t\t<\/div>\n\t\t\t\t<figcaption class='wp-caption-text gallery-caption' id='gallery-1-727'>\n\t\t\t\tUnsere Chargierten Maximilian Freysinger v\/o Mercur, Adrian Norz v\/o Asterix und Georg Komarevcev v\/o Dimitri w\u00e4hrend der Festmesse.\n\t\t\t\t<\/figcaption><\/figure><figure class='gallery-item'>\n\t\t\t<div class='gallery-icon portrait'>\n\t\t\t\t<a href='https:\/\/www.bernardia.at\/?attachment_id=728'><img loading=\"lazy\" decoding=\"async\" width=\"102\" height=\"150\" src=\"https:\/\/www.bernardia.at\/wp-content\/uploads\/2014\/06\/PT_2014_08-102x150.jpg\" class=\"attachment-thumbnail size-thumbnail\" alt=\"\" aria-describedby=\"gallery-1-728\" srcset=\"https:\/\/www.bernardia.at\/wp-content\/uploads\/2014\/06\/PT_2014_08-102x150.jpg 102w, https:\/\/www.bernardia.at\/wp-content\/uploads\/2014\/06\/PT_2014_08-204x300.jpg 204w, https:\/\/www.bernardia.at\/wp-content\/uploads\/2014\/06\/PT_2014_08-699x1024.jpg 699w\" sizes=\"(max-width: 102px) 100vw, 102px\" \/><\/a>\n\t\t\t<\/div>\n\t\t\t\t<figcaption class='wp-caption-text gallery-caption' id='gallery-1-728'>\n\t\t\t\tDie Chargierten und Kommers-Teilnehmer der Bernardia kurz vor dem Umzug durch Villach.\n\t\t\t\t<\/figcaption><\/figure><figure class='gallery-item'>\n\t\t\t<div class='gallery-icon portrait'>\n\t\t\t\t<a href='https:\/\/www.bernardia.at\/?attachment_id=729'><img loading=\"lazy\" decoding=\"async\" width=\"112\" height=\"150\" src=\"https:\/\/www.bernardia.at\/wp-content\/uploads\/2014\/06\/PT_2014_09-112x150.jpg\" class=\"attachment-thumbnail size-thumbnail\" alt=\"\" aria-describedby=\"gallery-1-729\" srcset=\"https:\/\/www.bernardia.at\/wp-content\/uploads\/2014\/06\/PT_2014_09-112x150.jpg 112w, https:\/\/www.bernardia.at\/wp-content\/uploads\/2014\/06\/PT_2014_09-225x300.jpg 225w, https:\/\/www.bernardia.at\/wp-content\/uploads\/2014\/06\/PT_2014_09-768x1024.jpg 768w\" sizes=\"(max-width: 112px) 100vw, 112px\" \/><\/a>\n\t\t\t<\/div>\n\t\t\t\t<figcaption class='wp-caption-text gallery-caption' id='gallery-1-729'>\n\t\t\t\tDie Chargierten Maximilian Freysinger v\/o Mercur, Adrian Norz v\/o Asterix und Georg Komarevcev v\/o Dimitri im Gleichschritt beim Umzug durch Villach.\n\t\t\t\t<\/figcaption><\/figure><figure class='gallery-item'>\n\t\t\t<div class='gallery-icon landscape'>\n\t\t\t\t<a href='https:\/\/www.bernardia.at\/?attachment_id=730'><img loading=\"lazy\" decoding=\"async\" width=\"150\" height=\"112\" src=\"https:\/\/www.bernardia.at\/wp-content\/uploads\/2014\/06\/PT_2014_10-150x112.jpg\" class=\"attachment-thumbnail size-thumbnail\" alt=\"\" aria-describedby=\"gallery-1-730\" srcset=\"https:\/\/www.bernardia.at\/wp-content\/uploads\/2014\/06\/PT_2014_10-150x112.jpg 150w, https:\/\/www.bernardia.at\/wp-content\/uploads\/2014\/06\/PT_2014_10-300x225.jpg 300w, https:\/\/www.bernardia.at\/wp-content\/uploads\/2014\/06\/PT_2014_10-1024x768.jpg 1024w\" sizes=\"(max-width: 150px) 100vw, 150px\" \/><\/a>\n\t\t\t<\/div>\n\t\t\t\t<figcaption class='wp-caption-text gallery-caption' id='gallery-1-730'>\n\t\t\t\tAuch bei den nachfolgenden Teilnehmern waren die Bernarden gut vertreten.\n\t\t\t\t<\/figcaption><\/figure><figure class='gallery-item'>\n\t\t\t<div class='gallery-icon landscape'>\n\t\t\t\t<a href='https:\/\/www.bernardia.at\/?attachment_id=731'><img loading=\"lazy\" decoding=\"async\" width=\"150\" height=\"112\" src=\"https:\/\/www.bernardia.at\/wp-content\/uploads\/2014\/06\/PT_2014_11-150x112.jpg\" class=\"attachment-thumbnail size-thumbnail\" alt=\"\" aria-describedby=\"gallery-1-731\" srcset=\"https:\/\/www.bernardia.at\/wp-content\/uploads\/2014\/06\/PT_2014_11-150x112.jpg 150w, https:\/\/www.bernardia.at\/wp-content\/uploads\/2014\/06\/PT_2014_11-300x225.jpg 300w, https:\/\/www.bernardia.at\/wp-content\/uploads\/2014\/06\/PT_2014_11-1024x768.jpg 1024w\" sizes=\"(max-width: 150px) 100vw, 150px\" \/><\/a>\n\t\t\t<\/div>\n\t\t\t\t<figcaption class='wp-caption-text gallery-caption' id='gallery-1-731'>\n\t\t\t\tEin sichtlich buntes Farbenmeer an Couleurtr\u00e4gern beim Umzug durch die Innenstadt.\n\t\t\t\t<\/figcaption><\/figure><figure class='gallery-item'>\n\t\t\t<div class='gallery-icon landscape'>\n\t\t\t\t<a href='https:\/\/www.bernardia.at\/?attachment_id=732'><img loading=\"lazy\" decoding=\"async\" width=\"150\" height=\"112\" src=\"https:\/\/www.bernardia.at\/wp-content\/uploads\/2014\/06\/PT_2014_12-150x112.jpg\" class=\"attachment-thumbnail size-thumbnail\" alt=\"\" aria-describedby=\"gallery-1-732\" srcset=\"https:\/\/www.bernardia.at\/wp-content\/uploads\/2014\/06\/PT_2014_12-150x112.jpg 150w, https:\/\/www.bernardia.at\/wp-content\/uploads\/2014\/06\/PT_2014_12-300x225.jpg 300w, https:\/\/www.bernardia.at\/wp-content\/uploads\/2014\/06\/PT_2014_12-1024x768.jpg 1024w\" sizes=\"(max-width: 150px) 100vw, 150px\" \/><\/a>\n\t\t\t<\/div>\n\t\t\t\t<figcaption class='wp-caption-text gallery-caption' id='gallery-1-732'>\n\t\t\t\tS\u00e4mtliche Bernarden haben am Kommers teilgenommen und sich trotz der Hitze durch den Abend gek\u00e4mpft.\n\t\t\t\t<\/figcaption><\/figure>\n\t\t<\/div>\n\n","protected":false},"excerpt":{"rendered":"<p>Der Penn\u00e4lertag 2014 ist Geschichte und liegt ein tolles Wochenende hinter uns. Auf den Fotos ist deutlich zu sehen, dass die teilnehmenden Bernarden das Wochenende sichtlich genossen haben. Wir blicken [&hellip;]<\/p>\n","protected":false},"author":3,"featured_media":0,"comment_status":"closed","ping_status":"open","sticky":false,"template":"","format":"standard","meta":{"_EventAllDay":false,"_EventTimezone":"","_EventStartDate":"","_EventEndDate":"","_EventStartDateUTC":"","_EventEndDateUTC":"","_EventShowMap":false,"_EventShowMapLink":false,"_EventURL":"","_EventCost":"","_EventCostDescription":"","_EventCurrencySymbol":"","_EventCurrencyCode":"","_EventCurrencyPosition":"","_EventDateTimeSeparator":"","_EventTimeRangeSeparator":"","_EventOrganizerID":[],"_EventVenueID":[],"_OrganizerEmail":"","_OrganizerPhone":"","_OrganizerWebsite":"","_VenueAddress":"","_VenueCity":"","_VenueCountry":"","_VenueProvince":"","_VenueState":"","_VenueZip":"","_VenuePhone":"","_VenueURL":"","_VenueStateProvince":"","_VenueLat":"","_VenueLng":"","_VenueShowMap":false,"_VenueShowMapLink":false,"footnotes":""},"categories":[1],"tags":[],"class_list":["post-724","post","type-post","status-publish","format-standard","hentry","category-bernardia"],"_links":{"self":[{"href":"https:\/\/www.bernardia.at\/index.php?rest_route=\/wp\/v2\/posts\/724"}],"collection":[{"href":"https:\/\/www.bernardia.at\/index.php?rest_route=\/wp\/v2\/posts"}],"about":[{"href":"https:\/\/www.bernardia.at\/index.php?rest_route=\/wp\/v2\/types\/post"}],"author":[{"embeddable":true,"href":"https:\/\/www.bernardia.at\/index.php?rest_route=\/wp\/v2\/users\/3"}],"replies":[{"embeddable":true,"href":"https:\/\/www.bernardia.at\/index.php?rest_route=%2Fwp%2Fv2%2Fcomments&post=724"}],"version-history":[{"count":6,"href":"https:\/\/www.bernardia.at\/index.php?rest_route=\/wp\/v2\/posts\/724\/revisions"}],"predecessor-version":[{"id":742,"href":"https:\/\/www.bernardia.at\/index.php?rest_route=\/wp\/v2\/posts\/724\/revisions\/742"}],"wp:attachment":[{"href":"https:\/\/www.bernardia.at\/index.php?rest_route=%2Fwp%2Fv2%2Fmedia&parent=724"}],"wp:term":[{"taxonomy":"category","embeddable":true,"href":"https:\/\/www.bernardia.at\/index.php?rest_route=%2Fwp%2Fv2%2Fcategories&post=724"},{"taxonomy":"post_tag","embeddable":true,"href":"https:\/\/www.bernardia.at\/index.php?rest_route=%2Fwp%2Fv2%2Ftags&post=724"}],"curies":[{"name":"wp","href":"https:\/\/api.w.org\/{rel}","templated":true}]}}