{"id":813,"date":"2014-08-18T14:39:36","date_gmt":"2014-08-18T13:39:36","guid":{"rendered":"http:\/\/www.bernardia.at\/?p=813"},"modified":"2014-08-18T14:48:19","modified_gmt":"2014-08-18T13:48:19","slug":"40jaehriges-priesterjubilaeum-von-verbindungsseelsorger-praelat-abt-mag-german-erd-vo-dr-cer-gerd","status":"publish","type":"post","link":"https:\/\/www.bernardia.at\/?p=813","title":{"rendered":"40j\u00e4hriges Priesterjubil\u00e4um von Verbindungsseelsorger Pr\u00e4lat Abt Mag. German Erd v\/o Dr.cer. Gerd"},"content":{"rendered":"<figure id=\"attachment_759\" aria-describedby=\"caption-attachment-759\" style=\"width: 230px\" class=\"wp-caption alignleft\"><img decoding=\"async\" class=\" wp-image-759 \" alt=\"Pr\u00e4lat Abt Mag. German Erd v\/o Dr.cer. Gerd\" src=\"http:\/\/www.bernardia.at\/wp-content\/uploads\/2014\/06\/Dr.-Gerd.jpg\" width=\"230\" srcset=\"https:\/\/www.bernardia.at\/wp-content\/uploads\/2014\/06\/Dr.-Gerd.jpg 960w, https:\/\/www.bernardia.at\/wp-content\/uploads\/2014\/06\/Dr.-Gerd-150x129.jpg 150w, https:\/\/www.bernardia.at\/wp-content\/uploads\/2014\/06\/Dr.-Gerd-300x258.jpg 300w\" sizes=\"(max-width: 960px) 100vw, 960px\" \/><figcaption id=\"caption-attachment-759\" class=\"wp-caption-text\">Pr\u00e4lat Abt Mag. German Erd v\/o Dr.cer. Gerd<\/figcaption><\/figure>\n<p>Unser <strong>Verbindungsseelsorger Pr\u00e4lat Abt Mag. German Erd v\/o Dr.cer. Gerd<\/strong> feiert am <strong>Sonntag, den 24. August 2014<\/strong> sein <strong>40j\u00e4hriges Priesterjubil\u00e4um<\/strong>. In seinem Namen laden wir herzlich zum Besuch des <strong>Pontifikalamtes um 10.30 Uhr in der Basilika Stams<\/strong> ein.<\/p>\n<p>Musikalisch umrahmt wird die Messe vom Orchester der Stiftsmusik Stams und vom Arnold Sch\u00f6nberg Chor (Wien).<\/p>\n<p>Dr. Gerd hat mitgeteilt, dass er sich sehr \u00fcber den Besuch von uns Bundesbr\u00fcdern <strong>plenis coloribus<\/strong> freuen w\u00fcrde.<\/p>\n","protected":false},"excerpt":{"rendered":"<p>Unser Verbindungsseelsorger Pr\u00e4lat Abt Mag. German Erd v\/o Dr.cer. Gerd feiert am Sonntag, den 24. August 2014 sein 40j\u00e4hriges Priesterjubil\u00e4um. In seinem Namen laden wir herzlich zum Besuch des Pontifikalamtes [&hellip;]<\/p>\n","protected":false},"author":3,"featured_media":0,"comment_status":"closed","ping_status":"open","sticky":false,"template":"","format":"standard","meta":{"_EventAllDay":false,"_EventTimezone":"","_EventStartDate":"","_EventEndDate":"","_EventStartDateUTC":"","_EventEndDateUTC":"","_EventShowMap":false,"_EventShowMapLink":false,"_EventURL":"","_EventCost":"","_EventCostDescription":"","_EventCurrencySymbol":"","_EventCurrencyCode":"","_EventCurrencyPosition":"","_EventDateTimeSeparator":"","_EventTimeRangeSeparator":"","_EventOrganizerID":[],"_EventVenueID":[],"_OrganizerEmail":"","_OrganizerPhone":"","_OrganizerWebsite":"","_VenueAddress":"","_VenueCity":"","_VenueCountry":"","_VenueProvince":"","_VenueState":"","_VenueZip":"","_VenuePhone":"","_VenueURL":"","_VenueStateProvince":"","_VenueLat":"","_VenueLng":"","_VenueShowMap":false,"_VenueShowMapLink":false,"footnotes":""},"categories":[1],"tags":[],"class_list":["post-813","post","type-post","status-publish","format-standard","hentry","category-bernardia"],"_links":{"self":[{"href":"https:\/\/www.bernardia.at\/index.php?rest_route=\/wp\/v2\/posts\/813"}],"collection":[{"href":"https:\/\/www.bernardia.at\/index.php?rest_route=\/wp\/v2\/posts"}],"about":[{"href":"https:\/\/www.bernardia.at\/index.php?rest_route=\/wp\/v2\/types\/post"}],"author":[{"embeddable":true,"href":"https:\/\/www.bernardia.at\/index.php?rest_route=\/wp\/v2\/users\/3"}],"replies":[{"embeddable":true,"href":"https:\/\/www.bernardia.at\/index.php?rest_route=%2Fwp%2Fv2%2Fcomments&post=813"}],"version-history":[{"count":16,"href":"https:\/\/www.bernardia.at\/index.php?rest_route=\/wp\/v2\/posts\/813\/revisions"}],"predecessor-version":[{"id":829,"href":"https:\/\/www.bernardia.at\/index.php?rest_route=\/wp\/v2\/posts\/813\/revisions\/829"}],"wp:attachment":[{"href":"https:\/\/www.bernardia.at\/index.php?rest_route=%2Fwp%2Fv2%2Fmedia&parent=813"}],"wp:term":[{"taxonomy":"category","embeddable":true,"href":"https:\/\/www.bernardia.at\/index.php?rest_route=%2Fwp%2Fv2%2Fcategories&post=813"},{"taxonomy":"post_tag","embeddable":true,"href":"https:\/\/www.bernardia.at\/index.php?rest_route=%2Fwp%2Fv2%2Ftags&post=813"}],"curies":[{"name":"wp","href":"https:\/\/api.w.org\/{rel}","templated":true}]}}